{"id":1104,"date":"2026-01-23T10:01:20","date_gmt":"2026-01-23T10:01:20","guid":{"rendered":"https:\/\/meier-ip.eu\/nicht-kategorisiert\/farbige-figuren-und-wipo-das\/"},"modified":"2026-01-23T10:12:43","modified_gmt":"2026-01-23T10:12:43","slug":"farbige-figuren-und-wipo-das","status":"publish","type":"post","link":"https:\/\/meier-ip.eu\/de\/patent\/farbige-figuren-und-wipo-das\/","title":{"rendered":"Farbige Figuren und WIPO DAS"},"content":{"rendered":"\n<figure class=\"wp-block-image size-large\"><img loading=\"lazy\" decoding=\"async\" width=\"1024\" height=\"683\" src=\"https:\/\/meier-ip.eu\/wp-content\/uploads\/2026\/01\/Designer-4-1024x683.png\" alt=\"\" class=\"wp-image-1101\" srcset=\"https:\/\/meier-ip.eu\/wp-content\/uploads\/2026\/01\/Designer-4-1024x683.png 1024w, https:\/\/meier-ip.eu\/wp-content\/uploads\/2026\/01\/Designer-4-300x200.png 300w, https:\/\/meier-ip.eu\/wp-content\/uploads\/2026\/01\/Designer-4-768x512.png 768w, https:\/\/meier-ip.eu\/wp-content\/uploads\/2026\/01\/Designer-4.png 1536w\" sizes=\"auto, (max-width: 706px) 89vw, (max-width: 767px) 82vw, 740px\" \/><\/figure>\n\n<p>Ab dem 1. Oktober 2025 erm\u00f6glicht das EPA die elektronische Einreichung und Verarbeitung von Zeichnungen in Farbe und Graustufen. Diese \u00c4nderung, die im Beschluss des Pr\u00e4sidenten (<a href=\"https:\/\/www.epo.org\/en\/legal\/official-journal\/2025\/07\/a49.html\">ABl. EPA 2025, A49<\/a>) und der dazugeh\u00f6rigen Mitteilung (<a href=\"https:\/\/www.epo.org\/en\/legal\/official-journal\/2025\/09\/a57.html\">ABl. EPA 2025, A57<\/a>) dargelegt ist, stellt eine Abkehr von der langj\u00e4hrigen Anforderung dar, dass Zeichnungen ausschlie\u00dflich in Schwarzwei\u00df einzureichen sind. Der neue Rahmen bietet Anmeldern mehr Flexibilit\u00e4t bei der Erstellung grafischer Offenbarung, insbesondere in Bereichen, in denen Farbe technische Informationen vermittelt, die nicht ohne Weiteres durch herk\u00f6mmliche schwarzwei\u00dfe Darstellungen ausgedr\u00fcckt werden k\u00f6nnen.  <\/p>\n\n<p>Das EPA verarbeitet die Figuren w\u00e4hrend der gesamten internen Arbeitsabl\u00e4ufe des Amtes in ihrer farbigen Form. Dies beinhaltet die Extraktion und Vorbereitung f\u00fcr die Hinterlegung beim WIPO Digital Access Service (DAS). Nutzer sollten sich jedoch im Auge behalten, dass zugreifende \u00c4mter bei der Abfrage von Dokumenten \u00fcber WIPO DAS ihre eigenen technischen Einschr\u00e4nkungen anwenden k\u00f6nnen. Wenn ein zugreifendes Amt die Verarbeitung von Farbzeichnungen noch nicht unterst\u00fctzt, kann es diese Dokumente im Rahmen seines Zugriffsverfahrens in Schwarzwei\u00df konvertieren.    <\/p>\n\n<p>Anmelder, die sich auf Farbe zur Vermittlung wesentlicher technischer Inhalte verlassen, sollten daher pr\u00fcfen, ob die f\u00fcr Nachanmeldungen potenziell interessierenden L\u00e4nder farbige Zeichnungen ohne Informationsverlust verarbeiten k\u00f6nnen.<\/p>\n","protected":false},"excerpt":{"rendered":"<p>Farbige Figuren k\u00f6nnen von zugreifenden \u00c4mtern in Schwarzwei\u00df konvertiert werden, wodurch der Verlust technischer Informationen riskiert wird.<\/p>\n","protected":false},"author":1,"featured_media":0,"comment_status":"closed","ping_status":"open","sticky":false,"template":"","format":"standard","meta":{"footnotes":""},"categories":[390,389],"tags":[422,417,418,419,421,420],"class_list":["post-1104","post","type-post","status-publish","format-standard","hentry","category-epa","category-patent","tag-hinterlegungsstelle","tag-prioritat","tag-prioritatsunterlage","tag-wipo-das","tag-zeichnungen","tag-zugreifende-amter"],"yoast_head":"<title>Farbige Figuren und WIPO DAS - meier ip<\/title>\n<meta name=\"description\" content=\"Farbzeichnungen k\u00f6nnen von zugreifenden \u00c4mtern des WIPO DAS in Schwarzwei\u00df konvertiert werden, wodurch der Verlust technischer Informationen riskiert wird.\" \/>\n<meta name=\"robots\" content=\"index, follow, max-snippet:-1, max-image-preview:large, max-video-preview:-1\" \/>\n<link rel=\"canonical\" href=\"https:\/\/meier-ip.eu\/de\/patent\/farbige-figuren-und-wipo-das\/\" \/>\n<meta property=\"og:locale\" content=\"de_DE\" \/>\n<meta property=\"og:type\" content=\"article\" \/>\n<meta property=\"og:title\" content=\"Farbige Figuren und WIPO DAS - meier ip\" \/>\n<meta property=\"og:description\" content=\"Farbzeichnungen k\u00f6nnen von zugreifenden \u00c4mtern des WIPO DAS in Schwarzwei\u00df konvertiert werden, wodurch der Verlust technischer Informationen riskiert wird.\" \/>\n<meta property=\"og:url\" content=\"https:\/\/meier-ip.eu\/de\/patent\/farbige-figuren-und-wipo-das\/\" \/>\n<meta property=\"og:site_name\" content=\"meier ip\" \/>\n<meta property=\"article:published_time\" content=\"2026-01-23T10:01:20+00:00\" \/>\n<meta property=\"article:modified_time\" content=\"2026-01-23T10:12:43+00:00\" \/>\n<meta property=\"og:image\" content=\"https:\/\/meier-ip.eu\/wp-content\/uploads\/2026\/01\/Designer-4-1024x683.png\" \/>\n<meta name=\"author\" content=\"Florian Meier\" \/>\n<meta name=\"twitter:card\" content=\"summary_large_image\" \/>\n<meta name=\"twitter:label1\" content=\"Verfasst von\" \/>\n\t<meta name=\"twitter:data1\" content=\"Florian Meier\" \/>\n\t<meta name=\"twitter:label2\" content=\"Gesch\u00e4tzte Lesezeit\" \/>\n\t<meta name=\"twitter:data2\" content=\"2\u00a0Minuten\" \/>\n<script type=\"application\/ld+json\" class=\"yoast-schema-graph\">{\"@context\":\"https:\\\/\\\/schema.org\",\"@graph\":[{\"@type\":\"Article\",\"@id\":\"https:\\\/\\\/meier-ip.eu\\\/de\\\/patent\\\/farbige-figuren-und-wipo-das\\\/#article\",\"isPartOf\":{\"@id\":\"https:\\\/\\\/meier-ip.eu\\\/de\\\/patent\\\/farbige-figuren-und-wipo-das\\\/\"},\"author\":{\"name\":\"Florian Meier\",\"@id\":\"https:\\\/\\\/meier-ip.eu\\\/de\\\/#\\\/schema\\\/person\\\/e840ddcae63817ed7e3ac7d5336e46ce\"},\"headline\":\"Farbige Figuren und WIPO DAS\",\"datePublished\":\"2026-01-23T10:01:20+00:00\",\"dateModified\":\"2026-01-23T10:12:43+00:00\",\"mainEntityOfPage\":{\"@id\":\"https:\\\/\\\/meier-ip.eu\\\/de\\\/patent\\\/farbige-figuren-und-wipo-das\\\/\"},\"wordCount\":212,\"image\":{\"@id\":\"https:\\\/\\\/meier-ip.eu\\\/de\\\/patent\\\/farbige-figuren-und-wipo-das\\\/#primaryimage\"},\"thumbnailUrl\":\"https:\\\/\\\/meier-ip.eu\\\/wp-content\\\/uploads\\\/2026\\\/01\\\/Designer-4-1024x683.png\",\"keywords\":[\"Hinterlegungsstelle\",\"Priorit\u00e4t\",\"Priorit\u00e4tsunterlage\",\"WIPO DAS\",\"Zeichnungen\",\"zugreifende \u00c4mter\"],\"articleSection\":[\"EPA\",\"Patent\"],\"inLanguage\":\"de\"},{\"@type\":\"WebPage\",\"@id\":\"https:\\\/\\\/meier-ip.eu\\\/de\\\/patent\\\/farbige-figuren-und-wipo-das\\\/\",\"url\":\"https:\\\/\\\/meier-ip.eu\\\/de\\\/patent\\\/farbige-figuren-und-wipo-das\\\/\",\"name\":\"Farbige Figuren und WIPO DAS - meier ip\",\"isPartOf\":{\"@id\":\"https:\\\/\\\/meier-ip.eu\\\/de\\\/#website\"},\"primaryImageOfPage\":{\"@id\":\"https:\\\/\\\/meier-ip.eu\\\/de\\\/patent\\\/farbige-figuren-und-wipo-das\\\/#primaryimage\"},\"image\":{\"@id\":\"https:\\\/\\\/meier-ip.eu\\\/de\\\/patent\\\/farbige-figuren-und-wipo-das\\\/#primaryimage\"},\"thumbnailUrl\":\"https:\\\/\\\/meier-ip.eu\\\/wp-content\\\/uploads\\\/2026\\\/01\\\/Designer-4-1024x683.png\",\"datePublished\":\"2026-01-23T10:01:20+00:00\",\"dateModified\":\"2026-01-23T10:12:43+00:00\",\"author\":{\"@id\":\"https:\\\/\\\/meier-ip.eu\\\/de\\\/#\\\/schema\\\/person\\\/e840ddcae63817ed7e3ac7d5336e46ce\"},\"description\":\"Farbzeichnungen k\u00f6nnen von zugreifenden \u00c4mtern des WIPO DAS in Schwarzwei\u00df konvertiert werden, wodurch der Verlust technischer Informationen riskiert wird.\",\"breadcrumb\":{\"@id\":\"https:\\\/\\\/meier-ip.eu\\\/de\\\/patent\\\/farbige-figuren-und-wipo-das\\\/#breadcrumb\"},\"inLanguage\":\"de\",\"potentialAction\":[{\"@type\":\"ReadAction\",\"target\":[\"https:\\\/\\\/meier-ip.eu\\\/de\\\/patent\\\/farbige-figuren-und-wipo-das\\\/\"]}]},{\"@type\":\"ImageObject\",\"inLanguage\":\"de\",\"@id\":\"https:\\\/\\\/meier-ip.eu\\\/de\\\/patent\\\/farbige-figuren-und-wipo-das\\\/#primaryimage\",\"url\":\"https:\\\/\\\/meier-ip.eu\\\/wp-content\\\/uploads\\\/2026\\\/01\\\/Designer-4-1024x683.png\",\"contentUrl\":\"https:\\\/\\\/meier-ip.eu\\\/wp-content\\\/uploads\\\/2026\\\/01\\\/Designer-4-1024x683.png\"},{\"@type\":\"BreadcrumbList\",\"@id\":\"https:\\\/\\\/meier-ip.eu\\\/de\\\/patent\\\/farbige-figuren-und-wipo-das\\\/#breadcrumb\",\"itemListElement\":[{\"@type\":\"ListItem\",\"position\":1,\"name\":\"Start\",\"item\":\"https:\\\/\\\/meier-ip.eu\\\/de\\\/\"},{\"@type\":\"ListItem\",\"position\":2,\"name\":\"Farbige Figuren und WIPO DAS\"}]},{\"@type\":\"WebSite\",\"@id\":\"https:\\\/\\\/meier-ip.eu\\\/de\\\/#website\",\"url\":\"https:\\\/\\\/meier-ip.eu\\\/de\\\/\",\"name\":\"meier ip\",\"description\":\"Your IP service provider.\",\"potentialAction\":[{\"@type\":\"SearchAction\",\"target\":{\"@type\":\"EntryPoint\",\"urlTemplate\":\"https:\\\/\\\/meier-ip.eu\\\/de\\\/?s={search_term_string}\"},\"query-input\":{\"@type\":\"PropertyValueSpecification\",\"valueRequired\":true,\"valueName\":\"search_term_string\"}}],\"inLanguage\":\"de\"},{\"@type\":\"Person\",\"@id\":\"https:\\\/\\\/meier-ip.eu\\\/de\\\/#\\\/schema\\\/person\\\/e840ddcae63817ed7e3ac7d5336e46ce\",\"name\":\"Florian Meier\",\"image\":{\"@type\":\"ImageObject\",\"inLanguage\":\"de\",\"@id\":\"https:\\\/\\\/secure.gravatar.com\\\/avatar\\\/7895ad55dae9c450c2bd2619cf3174776b7f27fbcfd2a6b122d4f03bf1da00ba?s=96&d=blank&r=g\",\"url\":\"https:\\\/\\\/secure.gravatar.com\\\/avatar\\\/7895ad55dae9c450c2bd2619cf3174776b7f27fbcfd2a6b122d4f03bf1da00ba?s=96&d=blank&r=g\",\"contentUrl\":\"https:\\\/\\\/secure.gravatar.com\\\/avatar\\\/7895ad55dae9c450c2bd2619cf3174776b7f27fbcfd2a6b122d4f03bf1da00ba?s=96&d=blank&r=g\",\"caption\":\"Florian Meier\"},\"sameAs\":[\"http:\\\/\\\/meier-ip.eu\"],\"url\":\"https:\\\/\\\/meier-ip.eu\\\/de\\\/author\\\/admin\\\/\"}]}<\/script>","yoast_head_json":{"title":"Farbige Figuren und WIPO DAS - meier ip","description":"Farbzeichnungen k\u00f6nnen von zugreifenden \u00c4mtern des WIPO DAS in Schwarzwei\u00df konvertiert werden, wodurch der Verlust technischer Informationen riskiert wird.","robots":{"index":"index","follow":"follow","max-snippet":"max-snippet:-1","max-image-preview":"max-image-preview:large","max-video-preview":"max-video-preview:-1"},"canonical":"https:\/\/meier-ip.eu\/de\/patent\/farbige-figuren-und-wipo-das\/","og_locale":"de_DE","og_type":"article","og_title":"Farbige Figuren und WIPO DAS - meier ip","og_description":"Farbzeichnungen k\u00f6nnen von zugreifenden \u00c4mtern des WIPO DAS in Schwarzwei\u00df konvertiert werden, wodurch der Verlust technischer Informationen riskiert wird.","og_url":"https:\/\/meier-ip.eu\/de\/patent\/farbige-figuren-und-wipo-das\/","og_site_name":"meier ip","article_published_time":"2026-01-23T10:01:20+00:00","article_modified_time":"2026-01-23T10:12:43+00:00","og_image":[{"url":"https:\/\/meier-ip.eu\/wp-content\/uploads\/2026\/01\/Designer-4-1024x683.png","type":"","width":"","height":""}],"author":"Florian Meier","twitter_card":"summary_large_image","twitter_misc":{"Verfasst von":"Florian Meier","Gesch\u00e4tzte Lesezeit":"2\u00a0Minuten"},"schema":{"@context":"https:\/\/schema.org","@graph":[{"@type":"Article","@id":"https:\/\/meier-ip.eu\/de\/patent\/farbige-figuren-und-wipo-das\/#article","isPartOf":{"@id":"https:\/\/meier-ip.eu\/de\/patent\/farbige-figuren-und-wipo-das\/"},"author":{"name":"Florian Meier","@id":"https:\/\/meier-ip.eu\/de\/#\/schema\/person\/e840ddcae63817ed7e3ac7d5336e46ce"},"headline":"Farbige Figuren und WIPO DAS","datePublished":"2026-01-23T10:01:20+00:00","dateModified":"2026-01-23T10:12:43+00:00","mainEntityOfPage":{"@id":"https:\/\/meier-ip.eu\/de\/patent\/farbige-figuren-und-wipo-das\/"},"wordCount":212,"image":{"@id":"https:\/\/meier-ip.eu\/de\/patent\/farbige-figuren-und-wipo-das\/#primaryimage"},"thumbnailUrl":"https:\/\/meier-ip.eu\/wp-content\/uploads\/2026\/01\/Designer-4-1024x683.png","keywords":["Hinterlegungsstelle","Priorit\u00e4t","Priorit\u00e4tsunterlage","WIPO DAS","Zeichnungen","zugreifende \u00c4mter"],"articleSection":["EPA","Patent"],"inLanguage":"de"},{"@type":"WebPage","@id":"https:\/\/meier-ip.eu\/de\/patent\/farbige-figuren-und-wipo-das\/","url":"https:\/\/meier-ip.eu\/de\/patent\/farbige-figuren-und-wipo-das\/","name":"Farbige Figuren und WIPO DAS - meier ip","isPartOf":{"@id":"https:\/\/meier-ip.eu\/de\/#website"},"primaryImageOfPage":{"@id":"https:\/\/meier-ip.eu\/de\/patent\/farbige-figuren-und-wipo-das\/#primaryimage"},"image":{"@id":"https:\/\/meier-ip.eu\/de\/patent\/farbige-figuren-und-wipo-das\/#primaryimage"},"thumbnailUrl":"https:\/\/meier-ip.eu\/wp-content\/uploads\/2026\/01\/Designer-4-1024x683.png","datePublished":"2026-01-23T10:01:20+00:00","dateModified":"2026-01-23T10:12:43+00:00","author":{"@id":"https:\/\/meier-ip.eu\/de\/#\/schema\/person\/e840ddcae63817ed7e3ac7d5336e46ce"},"description":"Farbzeichnungen k\u00f6nnen von zugreifenden \u00c4mtern des WIPO DAS in Schwarzwei\u00df konvertiert werden, wodurch der Verlust technischer Informationen riskiert wird.","breadcrumb":{"@id":"https:\/\/meier-ip.eu\/de\/patent\/farbige-figuren-und-wipo-das\/#breadcrumb"},"inLanguage":"de","potentialAction":[{"@type":"ReadAction","target":["https:\/\/meier-ip.eu\/de\/patent\/farbige-figuren-und-wipo-das\/"]}]},{"@type":"ImageObject","inLanguage":"de","@id":"https:\/\/meier-ip.eu\/de\/patent\/farbige-figuren-und-wipo-das\/#primaryimage","url":"https:\/\/meier-ip.eu\/wp-content\/uploads\/2026\/01\/Designer-4-1024x683.png","contentUrl":"https:\/\/meier-ip.eu\/wp-content\/uploads\/2026\/01\/Designer-4-1024x683.png"},{"@type":"BreadcrumbList","@id":"https:\/\/meier-ip.eu\/de\/patent\/farbige-figuren-und-wipo-das\/#breadcrumb","itemListElement":[{"@type":"ListItem","position":1,"name":"Start","item":"https:\/\/meier-ip.eu\/de\/"},{"@type":"ListItem","position":2,"name":"Farbige Figuren und WIPO DAS"}]},{"@type":"WebSite","@id":"https:\/\/meier-ip.eu\/de\/#website","url":"https:\/\/meier-ip.eu\/de\/","name":"meier ip","description":"Your IP service provider.","potentialAction":[{"@type":"SearchAction","target":{"@type":"EntryPoint","urlTemplate":"https:\/\/meier-ip.eu\/de\/?s={search_term_string}"},"query-input":{"@type":"PropertyValueSpecification","valueRequired":true,"valueName":"search_term_string"}}],"inLanguage":"de"},{"@type":"Person","@id":"https:\/\/meier-ip.eu\/de\/#\/schema\/person\/e840ddcae63817ed7e3ac7d5336e46ce","name":"Florian Meier","image":{"@type":"ImageObject","inLanguage":"de","@id":"https:\/\/secure.gravatar.com\/avatar\/7895ad55dae9c450c2bd2619cf3174776b7f27fbcfd2a6b122d4f03bf1da00ba?s=96&d=blank&r=g","url":"https:\/\/secure.gravatar.com\/avatar\/7895ad55dae9c450c2bd2619cf3174776b7f27fbcfd2a6b122d4f03bf1da00ba?s=96&d=blank&r=g","contentUrl":"https:\/\/secure.gravatar.com\/avatar\/7895ad55dae9c450c2bd2619cf3174776b7f27fbcfd2a6b122d4f03bf1da00ba?s=96&d=blank&r=g","caption":"Florian Meier"},"sameAs":["http:\/\/meier-ip.eu"],"url":"https:\/\/meier-ip.eu\/de\/author\/admin\/"}]}},"_links":{"self":[{"href":"https:\/\/meier-ip.eu\/de\/wp-json\/wp\/v2\/posts\/1104","targetHints":{"allow":["GET"]}}],"collection":[{"href":"https:\/\/meier-ip.eu\/de\/wp-json\/wp\/v2\/posts"}],"about":[{"href":"https:\/\/meier-ip.eu\/de\/wp-json\/wp\/v2\/types\/post"}],"author":[{"embeddable":true,"href":"https:\/\/meier-ip.eu\/de\/wp-json\/wp\/v2\/users\/1"}],"replies":[{"embeddable":true,"href":"https:\/\/meier-ip.eu\/de\/wp-json\/wp\/v2\/comments?post=1104"}],"version-history":[{"count":1,"href":"https:\/\/meier-ip.eu\/de\/wp-json\/wp\/v2\/posts\/1104\/revisions"}],"predecessor-version":[{"id":1105,"href":"https:\/\/meier-ip.eu\/de\/wp-json\/wp\/v2\/posts\/1104\/revisions\/1105"}],"wp:attachment":[{"href":"https:\/\/meier-ip.eu\/de\/wp-json\/wp\/v2\/media?parent=1104"}],"wp:term":[{"taxonomy":"category","embeddable":true,"href":"https:\/\/meier-ip.eu\/de\/wp-json\/wp\/v2\/categories?post=1104"},{"taxonomy":"post_tag","embeddable":true,"href":"https:\/\/meier-ip.eu\/de\/wp-json\/wp\/v2\/tags?post=1104"}],"curies":[{"name":"wp","href":"https:\/\/api.w.org\/{rel}","templated":true}]}}